
{"id":7957,"date":"2024-11-09T19:43:12","date_gmt":"2024-11-09T16:43:12","guid":{"rendered":"https:\/\/tr.uyghuracademy.org\/?p=7957"},"modified":"2024-11-09T21:17:47","modified_gmt":"2024-11-09T18:17:47","slug":"ankarada-dogu-turkistan-sempozyumu-gerceklestirdik","status":"publish","type":"post","link":"https:\/\/tr.uyghuracademy.org\/?p=7957","title":{"rendered":"Ankara\u2019da Do\u011fu T\u00fcrkistan Sempozyumu ger\u00e7ekle\u015ftirdik"},"content":{"rendered":"<p><strong><em>Do\u011fu T\u00fcrkistan\u2019da Kurulan iki cumhuriyetin kurulu\u015f y\u0131ld\u00f6n\u00fcmleri m\u00fcnasebetiyle T\u00fcrk Ocaklar\u0131 ve di\u011fer Uygur STK\u2019lar ile birlikte Ankara\u2019da, Do\u011fu T\u00fcrkistan Sempozyumu d\u00fczenlendik.<\/em><\/strong><\/p>\n<p><img loading=\"lazy\" decoding=\"async\" class=\"alignnone wp-image-7960 size-full\" src=\"https:\/\/tr.uyghuracademy.org\/wp-content\/uploads\/2024\/11\/sempozyum.jpg\" alt=\"\" width=\"2048\" height=\"1152\" srcset=\"https:\/\/tr.uyghuracademy.org\/wp-content\/uploads\/2024\/11\/sempozyum.jpg 2048w, https:\/\/tr.uyghuracademy.org\/wp-content\/uploads\/2024\/11\/sempozyum-400x225.jpg 400w, https:\/\/tr.uyghuracademy.org\/wp-content\/uploads\/2024\/11\/sempozyum-1024x576.jpg 1024w, https:\/\/tr.uyghuracademy.org\/wp-content\/uploads\/2024\/11\/sempozyum-768x432.jpg 768w, https:\/\/tr.uyghuracademy.org\/wp-content\/uploads\/2024\/11\/sempozyum-1536x864.jpg 1536w\" sizes=\"auto, (max-width: 2048px) 100vw, 2048px\" \/><\/p>\n<p>12 Kas\u0131m 1933 Ka\u015fgar\u2019da kurulan Do\u011fu T\u00fcrkistan \u0130slam Cumhuriyeti\u2019nin 91. y\u0131l d\u00f6n\u00fcm\u00fc ve 12 Kas\u0131m 1944 Gulca\u2019da kurulan Do\u011fu T\u00fcrkistan Cumhuriyeti\u2019nin 80. y\u0131l d\u00f6n\u00fcm\u00fc m\u00fcnasebetiyle T\u00fcrk Ocaklar\u0131 Genel Merkezi, Uygur Akademisi Vakf\u0131, Do\u011fu T\u00fcrkistan Ara\u015ft\u0131rmalar\u0131 Vakf\u0131 ve D\u00fcnya Uygur Kurultay\u0131 Vakf\u0131\u2019n\u0131n i\u015fbirli\u011fiyle 09 Kas\u0131m 2024 tarihinde Ankara\u2019da \u201cDo\u011fu T\u00fcrkistan Sempozyumu\u201d d\u00fczenlendi.<\/p>\n<p>Milli K\u00fct\u00fcphane toplant\u0131 salonunda ger\u00e7ekle\u015fen sempozyuma siyasiler, akademisyenler, ara\u015ft\u0131rmac\u0131lar, STK temsilcileri ve gazeteciler ba\u015fta olmak \u00fczere \u00e7ok say\u0131da ki\u015fi kat\u0131ld\u0131.<\/p>\n<figure class=\"wp-block-image size-large\"><img decoding=\"async\" src=\"https:\/\/pbs.twimg.com\/media\/Gb9JOrDXIAAp-dL?format=jpg&amp;name=large\" alt=\"\" \/><\/figure>\n<p>Sempozyum a\u00e7\u0131l\u0131\u015f\u0131nda, T\u00fcrk Ocaklar\u0131 Genel Ba\u015fkan\u0131 Prof. Dr. Mehmet \u00d6z, Yeniden Refah Partisi \u0130stanbul Milletvekili Do\u011fan Bekin, D\u00fcnya Uygur Kurultay\u0131 Ba\u015fkan Yard\u0131mc\u0131s\u0131 Abdurre\u015fit Abdulhamit, Uygur Akademisi Vakf\u0131 Ba\u015fkan\u0131 Abdulhamit Karahan ve Do\u011fu T\u00fcrkistan Ara\u015ft\u0131rmalar\u0131 Vakf\u0131 Ba\u015fkan Vekili Prof. Dr. Erkin Emet protokol konu\u015fmas\u0131 yapt\u0131.<\/p>\n<p>Mehmet \u00d6z, \u201c<em>Do\u011fu T\u00fcrkistan\u2019\u0131 \u00e7ok derin bir tarihi var. T\u00fcrk tarihinin en \u00f6nemli siyasi te\u015fekk\u00fcllerinin bulundu\u011fu co\u011frafyan\u0131n bir par\u00e7as\u0131d\u0131r. Bu co\u011frafyan\u0131n ad\u0131 T\u00fcrkistan\u2019d\u0131r. Bug\u00fcn oralar\u0131 i\u015fgal eden \u00c7inlilerin ve T\u00fcrkiye\u2019deki muhiplerinin iddia etti\u011finin aksine buras\u0131 tarihin en eski zamanlar\u0131ndan beri bir T\u00fcrk yurdudur. T\u00fcrklerin vatan\u0131d\u0131r. Maalesef \u00c7in egemenli\u011finin ba\u015flamas\u0131yla Do\u011fu T\u00fcrkistanl\u0131 karde\u015flerimiz ve orada a\u011f\u0131rl\u0131kl\u0131 olarak Uygurlar olmak \u00fczere T\u00fcrk karde\u015flerimiz kimliklerindeki iki temel unsur y\u00fcz\u00fcnden maalesef ayr\u0131mc\u0131l\u0131\u011fa, bask\u0131lara zul\u00fcmlere maruz kalmaktad\u0131r. Onlar T\u00fcrk ve M\u00fcsl\u00fcmanlar. Bu iki unsur \u00f6zellikle bug\u00fcnk\u00fc \u00c7in y\u00f6netimi taraf\u0131ndan \u00e7e\u015fitli d\u00f6nemlerde onlar\u0131n bask\u0131lara maruz kalmas\u0131n\u0131n en \u00f6nemli sebeplerinden birisidir<\/em>\u201d diye konu\u015ftu.<\/p>\n<figure class=\"wp-block-image size-large\"><img decoding=\"async\" src=\"https:\/\/scontent.fist6-2.fna.fbcdn.net\/v\/t39.30808-6\/466106556_10161791176979487_7767433621946741388_n.jpg?stp=cp6_dst-jpg&amp;_nc_cat=100&amp;ccb=1-7&amp;_nc_sid=833d8c&amp;_nc_ohc=NpYhDz_EVioQ7kNvgGShrm9&amp;_nc_zt=23&amp;_nc_ht=scontent.fist6-2.fna&amp;_nc_gid=A6C81qQJ8wzIZc9dudbfdoN&amp;oh=00_AYBgvhCZBBZFDjm538UHTnqXyys8dVDsjyK6OlSjSNLjgA&amp;oe=67354E00\" alt=\"\" \/><\/figure>\n<p>Do\u011fu T\u00fcrkistan\u2019\u0131n stratejik \u00f6nemi ve T\u00fcrk d\u00fcnyas\u0131yla olan ba\u011flant\u0131s\u0131n\u0131n \u00f6neminin alt\u0131n\u0131 \u00e7izen \u00d6z, \u00f6zellikle 2017\u2019den sonra Do\u011fu T\u00fcrkistanl\u0131lara kar\u015f\u0131 \u00c7in rejiminin pek \u00e7ok katliamlar\u0131n\u0131n oldu\u011funu s\u00f6yledi.<\/p>\n<p>Milletvekili Do\u011fan Bekin konu\u015fmas\u0131nda \u201c<em>1933 ve 1944\u2019te kurulan Do\u011fu T\u00fcrkistan \u0130slam Cumhuriyeti ne yaz\u0131k ki 1949\u2019da yeni \u00c7in h\u00fck\u00fcmeti taraf\u0131ndan i\u015fgal edilmi\u015f ve bu i\u015fgalden sonra b\u00fcy\u00fck zul\u00fcmlere maruz b\u0131rak\u0131lm\u0131\u015flard\u0131r. Bu zul\u00fcmler 2015\u2019e kadar devam etmi\u015ftir. 2015\u2019ten itibaren ise yeni bir evreye girmi\u015f. Ve sistematik bir soyk\u0131r\u0131ma d\u00f6n\u00fc\u015fm\u00fc\u015ft\u00fcr<\/em>,\u201d ifadelerini kulland\u0131.<\/p>\n<figure class=\"wp-block-image size-large\"><img decoding=\"async\" src=\"https:\/\/scontent.fist20-2.fna.fbcdn.net\/v\/t39.30808-6\/465984551_10161791152844487_7963129217011923382_n.jpg?stp=cp6_dst-jpg&amp;_nc_cat=108&amp;ccb=1-7&amp;_nc_sid=833d8c&amp;_nc_ohc=RwpmAzvd7E4Q7kNvgFqLm9y&amp;_nc_zt=23&amp;_nc_ht=scontent.fist20-2.fna&amp;_nc_gid=AMJQbzCoZgz4nViolzmxpvF&amp;oh=00_AYCnv0hbGXiHShHTUfeFj2vH4Inqbsd3ZvQNJdKKjTfBwA&amp;oe=67356CBF\" alt=\"\" \/><\/figure>\n<p>A\u00e7\u0131l\u0131\u015f konu\u015fmalar\u0131ndan sonra sempozyum iki oturum halinde ger\u00e7ekle\u015fti.<\/p>\n<p>Prof. Dr. Ahmet Bican Ercilasun ba\u015fkanl\u0131\u011f\u0131nda ger\u00e7ekle\u015fen ilk oturumda, Prof. Dr. Saadettin Ya\u011fmur G\u00f6mec \u201c<em>Tarihselden Bug\u00fcne Uygur T\u00fcrkleri<\/em>\u201d konusunda, Prof. Dr. Konuralp Ercilasun \u201c<em>Do\u011fu T\u00fcrkistan Cumhuriyetleri<\/em>\u201d konusunda ve Prof. Dr. Erkin Emet \u201c<em>Do\u011fu T\u00fcrkistan Diasporas\u0131<\/em>\u201d konusunda sunum yapt\u0131.<\/p>\n<figure class=\"wp-block-image size-large\"><img decoding=\"async\" src=\"https:\/\/scontent.fist6-1.fna.fbcdn.net\/v\/t39.30808-6\/465966716_10161791175054487_3894584991710629820_n.jpg?stp=cp6_dst-jpg&amp;_nc_cat=102&amp;ccb=1-7&amp;_nc_sid=833d8c&amp;_nc_ohc=NKcbm-fOKJ0Q7kNvgGkbiZr&amp;_nc_zt=23&amp;_nc_ht=scontent.fist6-1.fna&amp;_nc_gid=ALfgOYIo6wYdprnH98eLnqv&amp;oh=00_AYA0NDeElyxUxJoBxpDjuBZ0u3UnhZ-f2_ULTC21vbWbYA&amp;oe=67357441\" alt=\"\" \/><\/figure>\n<p>Prof. Dr. Mehmet \u015eahin\u00f6z\u2019\u00fcn ba\u015fkanl\u0131\u011f\u0131n\u0131 yapt\u0131\u011f\u0131 ikinci oturumda, Do\u00e7. Dr. Erkin Ekrem \u201c<em>Do\u011fu T\u00fcrkistan Davas\u0131n\u0131n Gelece\u011fi<\/em>\u201d, Prof. Dr. Alimcan \u0130nayet \u201c<em>\u0130ki Cumhuriyet D\u00f6nemindeki Bas\u0131n Dili<\/em>\u201d, Prof. Dr. Ay\u015fe Filiz Yavuz ise \u201c<em>Do\u011fu T\u00fcrkistan \u0130zlenimlerim<\/em>\u201d konular\u0131nda sunum ger\u00e7ekle\u015ftirdi.<\/p>\n<figure class=\"wp-block-image size-large\"><img decoding=\"async\" src=\"https:\/\/pbs.twimg.com\/media\/Gb9JOrBWQAAgtVm?format=jpg&amp;name=large\" alt=\"\" \/><\/figure>\n<p>Yap\u0131lan sempozyum sonras\u0131 Uygur Akademisi Vakf\u0131 Ba\u015fkan\u0131 Abdulhamit Karahan, \u0130LKHA muhabirine konu\u015ftu.<\/p>\n<p>\u00c7in\u2019in Do\u011fu T\u00fcrkistan\u2019da asimilasyon ve soyk\u0131r\u0131m politikas\u0131 uygulad\u0131\u011f\u0131n\u0131, dolay\u0131s\u0131yla Uygur T\u00fcrklerinin hem Do\u011fu T\u00fcrkistan\u2019da hem yurtd\u0131\u015f\u0131nda bir var olma m\u00fccadelesi vermekte oldu\u011funu belirten Karahan, \u201c<em>Dolay\u0131s\u0131yla bu konuda T\u00fcrkiye Cumhuriyeti Devleti\u2019nin daha duyarl\u0131 olmas\u0131n\u0131 ve Uygur T\u00fcrklerine y\u00f6nelik ciddi bir devlet politikas\u0131 olu\u015fturulmas\u0131n\u0131 ve T\u00fcrk milletinin Uygur T\u00fcrklerin yan\u0131nda olarak ciddi fiili destek vermesini istemekteyiz,<\/em>\u201d dedi.<\/p>\n<figure class=\"wp-block-image size-large\"><img decoding=\"async\" src=\"https:\/\/pbs.twimg.com\/media\/Gb8lToZXkAAn_W3?format=jpg&amp;name=large\" alt=\"\" \/><\/figure>\n<p>\u00c7in\u2019in soyk\u0131r\u0131m politikalar\u0131 kapsam\u0131nda en \u00f6nde gelen uygulamalar\u0131ndan biri olan toplama kamplar\u0131na de\u011finen Karahan, \u201c<em>2017 itibariyle b\u00f6lgede bin 200 tane toplama kamp\u0131 in\u015fa ederek 3 milyondan fazla toplumun en \u00f6nde gelen entelekt\u00fcel kesimi hapse att\u0131 ve bu insanlara \u00c7in Kom\u00fcnist Partisi ve \u00c7in y\u00f6netimi beyin y\u0131kama programlar\u0131 y\u00fcr\u00fct\u00fcl\u00fcyor. Buna uymayan insanlara da fiziki i\u015fkence yap\u0131l\u0131yor,<\/em>\u201d ifadelerini kulland\u0131.<\/p>\n<p>ABD, Japonya ve baz\u0131 Avrupa \u00fclkeleri ba\u015fta olmak \u00fczere 11 \u00fclkenin \u00c7in\u2019in Do\u011fu T\u00fcrkistan\u2019da yapt\u0131klar\u0131n\u0131 soyk\u0131r\u0131m olarak tan\u0131d\u0131\u011f\u0131n\u0131 belirten Karahan, \u201c<em>T\u00fcrk ve M\u00fcsl\u00fcman d\u00fcnyas\u0131n\u0131n da hem soyda\u015f hem dinda\u015f karde\u015fleri olan Uygurlar\u0131n yan\u0131nda \u00c7in\u2019e kar\u015f\u0131 tav\u0131r vermelerini istiyoruz<\/em>\u201d ifadelerine yer verdi.<\/p>\n<p style=\"text-align: right;\">Kaynak: <a href=\"https:\/\/www.uygurhaber.com\/ankarada-dogu-turkistan-sempozyumu-gerceklesti\/\">Uygur Haber<\/a><\/p>\n","protected":false},"excerpt":{"rendered":"<p>Do\u011fu T\u00fcrkistan\u2019da Kurulan iki cumhuriyetin kurulu\u015f y\u0131ld\u00f6n\u00fcmleri m\u00fcnasebetiyle T\u00fcrk Ocaklar\u0131 ve di\u011fer Uygur STK\u2019lar ile birlikte Ankara\u2019da, Do\u011fu T\u00fcrkistan Sempozyumu d\u00fczenlendik. 12 Kas\u0131m 1933 Ka\u015fgar\u2019da kurulan Do\u011fu T\u00fcrkistan \u0130slam Cumhuriyeti\u2019nin 91. y\u0131l d\u00f6n\u00fcm\u00fc ve 12 Kas\u0131m 1944 Gulca\u2019da kurulan Do\u011fu T\u00fcrkistan Cumhuriyeti\u2019nin 80. y\u0131l d\u00f6n\u00fcm\u00fc m\u00fcnasebetiyle T\u00fcrk Ocaklar\u0131 Genel Merkezi, Uygur Akademisi Vakf\u0131, Do\u011fu T\u00fcrkistan [&hellip;]<\/p>\n","protected":false},"author":101025,"featured_media":0,"comment_status":"closed","ping_status":"closed","sticky":false,"template":"","format":"standard","meta":{"footnotes":""},"categories":[11,1,15],"tags":[43,42],"class_list":["post-7957","post","type-post","status-publish","format-standard","hentry","category-etkinlikler","category-genel","category-uygur-tarihi-ve-kulturu","tag-cumhuriyet-gunu","tag-dogu-turkistan-sempozyumu"],"_links":{"self":[{"href":"https:\/\/tr.uyghuracademy.org\/index.php?rest_route=\/wp\/v2\/posts\/7957","targetHints":{"allow":["GET"]}}],"collection":[{"href":"https:\/\/tr.uyghuracademy.org\/index.php?rest_route=\/wp\/v2\/posts"}],"about":[{"href":"https:\/\/tr.uyghuracademy.org\/index.php?rest_route=\/wp\/v2\/types\/post"}],"author":[{"embeddable":true,"href":"https:\/\/tr.uyghuracademy.org\/index.php?rest_route=\/wp\/v2\/users\/101025"}],"replies":[{"embeddable":true,"href":"https:\/\/tr.uyghuracademy.org\/index.php?rest_route=%2Fwp%2Fv2%2Fcomments&post=7957"}],"version-history":[{"count":4,"href":"https:\/\/tr.uyghuracademy.org\/index.php?rest_route=\/wp\/v2\/posts\/7957\/revisions"}],"predecessor-version":[{"id":7962,"href":"https:\/\/tr.uyghuracademy.org\/index.php?rest_route=\/wp\/v2\/posts\/7957\/revisions\/7962"}],"wp:attachment":[{"href":"https:\/\/tr.uyghuracademy.org\/index.php?rest_route=%2Fwp%2Fv2%2Fmedia&parent=7957"}],"wp:term":[{"taxonomy":"category","embeddable":true,"href":"https:\/\/tr.uyghuracademy.org\/index.php?rest_route=%2Fwp%2Fv2%2Fcategories&post=7957"},{"taxonomy":"post_tag","embeddable":true,"href":"https:\/\/tr.uyghuracademy.org\/index.php?rest_route=%2Fwp%2Fv2%2Ftags&post=7957"}],"curies":[{"name":"wp","href":"https:\/\/api.w.org\/{rel}","templated":true}]}}