
{"id":5065,"date":"2020-09-19T11:29:15","date_gmt":"2020-09-19T08:29:15","guid":{"rendered":"https:\/\/tr.uyghuracademy.org\/?p=5065"},"modified":"2020-09-19T11:29:15","modified_gmt":"2020-09-19T08:29:15","slug":"avrasya-cin-ve-dogu-turkistan","status":"publish","type":"post","link":"https:\/\/tr.uyghuracademy.org\/?p=5065","title":{"rendered":"Avrasya, \u00c7in ve Do\u011fu T\u00fcrkistan"},"content":{"rendered":"<p><span style=\"color: #0000ff\"><strong><img loading=\"lazy\" decoding=\"async\" class=\"aligncenter size-full wp-image-5073\" src=\"https:\/\/tr.uyghuracademy.org\/wp-content\/uploads\/2020\/09\/DT-HARITA-1.jpg\" alt=\"\" width=\"1100\" height=\"610\" srcset=\"https:\/\/tr.uyghuracademy.org\/wp-content\/uploads\/2020\/09\/DT-HARITA-1.jpg 1100w, https:\/\/tr.uyghuracademy.org\/wp-content\/uploads\/2020\/09\/DT-HARITA-1-400x222.jpg 400w, https:\/\/tr.uyghuracademy.org\/wp-content\/uploads\/2020\/09\/DT-HARITA-1-1024x568.jpg 1024w, https:\/\/tr.uyghuracademy.org\/wp-content\/uploads\/2020\/09\/DT-HARITA-1-768x426.jpg 768w\" sizes=\"auto, (max-width: 1100px) 100vw, 1100px\" \/><\/strong><\/span><\/p>\n<p><span style=\"color: #0000ff\"><strong>S\u00fcheyl \u00c7OBANO\u011eLU<\/strong><\/span><\/p>\n<p><span style=\"color: #0000ff\"><strong>AVRASYA<\/strong><\/span><\/p>\n<p>Tarih boyunca toplumlar\u0131n h\u00e2kimiyet m\u00fccadelesine \u015fahit olan ve d\u00f6neminin g\u00fc\u00e7l\u00fc devletleri taraf\u0131ndan \u00f6ncelikle ele ge\u00e7irilmeye \u00e7al\u0131\u015f\u0131lan bir co\u011frafya olan ve Zbigniev Brzezinski taraf\u0131ndan gelece\u011fin \u201cB\u00fcy\u00fck Satran\u00e7 Tahtas\u0131\u201d<br \/>\nolarak nitelenen AVRASYA, \u00c7in\u2019den Avrupa\u2019ya kadar uzanan b\u00f6lgeyi kapsayan ve Avrupa ile Asya\u2019n\u0131n birle\u015fti\u011fi \u00e7ok geni\u015f bir k\u0131tad\u0131r.<\/p>\n<p>\u201cViyana hatt\u0131ndan ba\u015flayarak Avrupa\u2019n\u0131n do\u011fusu ile Balkanlar, Karadeniz, Kafkasya, Anadolu, Orta Asya Avrasya k\u0131tas\u0131n\u0131n b\u00f6lgeleridir. B\u00fct\u00fcn b\u00f6lgeleri i\u00e7ine alan geni\u015f alana, co\u011frafya dilinde ve d\u00fcnya politikas\u0131nda \u201cAvrasya\u201d denilmektedir. Bir ba\u015fka ifadeyle Avrasya denildi\u011finde Avrupa ve Asya k\u0131talar\u0131n\u0131n kesi\u015fti\u011fi b\u00fcy\u00fck alan anla\u015f\u0131lacakt\u0131r. Bir anlamda d\u00fcnyan\u0131n ana karas\u0131n\u0131 olu\u015fturan b\u00f6lgenin orta k\u0131sm\u0131 Avrasya olarak tan\u0131mlanabilir\u201d demektedir.<\/p>\n<p>Makalenin tamam\u0131na eri\u015fmek i\u00e7in l\u00fctfen linki t\u0131klay\u0131n: <a href=\"https:\/\/tr.uyghuracademy.org\/wp-content\/uploads\/2020\/09\/Avrasya-\u00c7in-ve-Do\u011fu-T\u00fcrkistan.pdf\">Avrasya, \u00c7in ve Do\u011fu T\u00fcrkistan<\/a> Sayfa 45<\/p>\n","protected":false},"excerpt":{"rendered":"<p>S\u00fcheyl \u00c7OBANO\u011eLU AVRASYA Tarih boyunca toplumlar\u0131n h\u00e2kimiyet m\u00fccadelesine \u015fahit olan ve d\u00f6neminin g\u00fc\u00e7l\u00fc devletleri taraf\u0131ndan \u00f6ncelikle ele ge\u00e7irilmeye \u00e7al\u0131\u015f\u0131lan bir co\u011frafya olan ve Zbigniev Brzezinski taraf\u0131ndan gelece\u011fin \u201cB\u00fcy\u00fck Satran\u00e7 Tahtas\u0131\u201d olarak nitelenen AVRASYA, \u00c7in\u2019den Avrupa\u2019ya kadar uzanan b\u00f6lgeyi kapsayan ve Avrupa ile Asya\u2019n\u0131n birle\u015fti\u011fi \u00e7ok geni\u015f bir k\u0131tad\u0131r. \u201cViyana hatt\u0131ndan ba\u015flayarak Avrupa\u2019n\u0131n do\u011fusu ile Balkanlar, [&hellip;]<\/p>\n","protected":false},"author":3,"featured_media":0,"comment_status":"closed","ping_status":"closed","sticky":false,"template":"","format":"standard","meta":{"footnotes":""},"categories":[15],"tags":[],"class_list":["post-5065","post","type-post","status-publish","format-standard","hentry","category-uygur-tarihi-ve-kulturu"],"_links":{"self":[{"href":"https:\/\/tr.uyghuracademy.org\/index.php?rest_route=\/wp\/v2\/posts\/5065","targetHints":{"allow":["GET"]}}],"collection":[{"href":"https:\/\/tr.uyghuracademy.org\/index.php?rest_route=\/wp\/v2\/posts"}],"about":[{"href":"https:\/\/tr.uyghuracademy.org\/index.php?rest_route=\/wp\/v2\/types\/post"}],"author":[{"embeddable":true,"href":"https:\/\/tr.uyghuracademy.org\/index.php?rest_route=\/wp\/v2\/users\/3"}],"replies":[{"embeddable":true,"href":"https:\/\/tr.uyghuracademy.org\/index.php?rest_route=%2Fwp%2Fv2%2Fcomments&post=5065"}],"version-history":[{"count":1,"href":"https:\/\/tr.uyghuracademy.org\/index.php?rest_route=\/wp\/v2\/posts\/5065\/revisions"}],"predecessor-version":[{"id":5074,"href":"https:\/\/tr.uyghuracademy.org\/index.php?rest_route=\/wp\/v2\/posts\/5065\/revisions\/5074"}],"wp:attachment":[{"href":"https:\/\/tr.uyghuracademy.org\/index.php?rest_route=%2Fwp%2Fv2%2Fmedia&parent=5065"}],"wp:term":[{"taxonomy":"category","embeddable":true,"href":"https:\/\/tr.uyghuracademy.org\/index.php?rest_route=%2Fwp%2Fv2%2Fcategories&post=5065"},{"taxonomy":"post_tag","embeddable":true,"href":"https:\/\/tr.uyghuracademy.org\/index.php?rest_route=%2Fwp%2Fv2%2Ftags&post=5065"}],"curies":[{"name":"wp","href":"https:\/\/api.w.org\/{rel}","templated":true}]}}